{"id":40,"date":"2025-09-28T18:19:00","date_gmt":"2025-09-28T18:19:00","guid":{"rendered":"https:\/\/socialib.net\/?p=40"},"modified":"2025-08-16T18:42:21","modified_gmt":"2025-08-16T18:42:21","slug":"bustos-manequins-praticidade-e-elegancia-na-exposicao-de-moda","status":"publish","type":"post","link":"https:\/\/socialib.net\/?p=40","title":{"rendered":"Bustos Manequins: Praticidade e Eleg\u00e2ncia na Exposi\u00e7\u00e3o de Moda"},"content":{"rendered":"\n<p>Os<a href=\"https:\/\/artcomvidros.com.br\/manequim\/bustos-e-meio-corpos\/\" target=\"_blank\" rel=\"noopener\"> <strong>bustos manequins<\/strong><\/a> s\u00e3o solu\u00e7\u00f5es inteligentes para destacar pe\u00e7as como blusas, camisas e acess\u00f3rios, com um formato compacto e vers\u00e1til. Eles s\u00e3o ideais para vitrines, balc\u00f5es e \u00e1reas internas, otimizando o espa\u00e7o e valorizando as pe\u00e7as expostas.<\/p>\n\n\n\n<hr class=\"wp-block-separator has-alpha-channel-opacity\"\/>\n\n\n\n<h2 class=\"wp-block-heading\"><strong>Por que investir em bustos manequins?<\/strong><\/h2>\n\n\n\n<ul class=\"wp-block-list\">\n<li><strong>Otimiza\u00e7\u00e3o do espa\u00e7o<\/strong> \u2013 Menor que manequins completos, permitem m\u00faltiplas exposi\u00e7\u00f5es.<br><\/li>\n\n\n\n<li><strong>Foco no detalhe<\/strong> \u2013 Direcionam a aten\u00e7\u00e3o para o produto, sem distra\u00e7\u00f5es.<br><\/li>\n\n\n\n<li><strong>Leveza e mobilidade<\/strong> \u2013 Facilitam o reposicionamento dentro da loja.<br><\/li>\n\n\n\n<li><strong>Variedade de estilos<\/strong> \u2013 Modelos femininos, masculinos, infantis e abstratos.<br><\/li>\n<\/ul>\n\n\n\n<hr class=\"wp-block-separator has-alpha-channel-opacity\"\/>\n\n\n\n<h2 class=\"wp-block-heading\"><strong>Tipos de bustos manequins<\/strong><\/h2>\n\n\n\n<ul class=\"wp-block-list\">\n<li><strong>Realistas<\/strong> \u2013 Com detalhes anat\u00f4micos que aproximam do corpo humano.<br><\/li>\n\n\n\n<li><strong>Abstratos<\/strong> \u2013 Minimalistas, destacam a roupa em foco.<br><\/li>\n\n\n\n<li><strong>Infantis<\/strong> \u2013 Propor\u00e7\u00f5es adequadas para moda kids.<br><\/li>\n\n\n\n<li><strong>Com diferentes bases<\/strong> \u2013 Para estabilidade e est\u00e9tica variadas.<br><\/li>\n<\/ul>\n\n\n\n<p>Combine bustos com<a href=\"https:\/\/artcomvidros.com.br\/araras-de-roupas\/\" target=\"_blank\" rel=\"noopener\"> araras de roupas<\/a> e<a href=\"https:\/\/artcomvidros.com.br\/cabides\/cabides-de-madeira\/\" target=\"_blank\" rel=\"noopener\"> cabides de madeira<\/a> para composi\u00e7\u00f5es completas e sofisticadas.<\/p>\n\n\n\n<hr class=\"wp-block-separator has-alpha-channel-opacity\"\/>\n\n\n\n<h2 class=\"wp-block-heading\"><strong>Onde posicionar bustos manequins<\/strong><\/h2>\n\n\n\n<ul class=\"wp-block-list\">\n<li>Vitrines para chamar aten\u00e7\u00e3o para pe\u00e7as-chave.<br><\/li>\n\n\n\n<li>Pr\u00f3ximos ao caixa para compras por impulso.<br><\/li>\n\n\n\n<li>\u00c1reas internas para criar ambientes tem\u00e1ticos.<br><\/li>\n\n\n\n<li>Showrooms e eventos para destacar cole\u00e7\u00f5es.<br><\/li>\n<\/ul>\n\n\n\n<hr class=\"wp-block-separator has-alpha-channel-opacity\"\/>\n\n\n\n<h2 class=\"wp-block-heading\"><strong>Cuidados para conserva\u00e7\u00e3o<\/strong><\/h2>\n\n\n\n<ul class=\"wp-block-list\">\n<li>Limpar com pano macio e produtos adequados.<br><\/li>\n\n\n\n<li>Evitar quedas e impactos para preservar acabamento.<br><\/li>\n\n\n\n<li>Armazenar em locais protegidos quando n\u00e3o estiverem em uso.<br><\/li>\n<\/ul>\n\n\n\n<hr class=\"wp-block-separator has-alpha-channel-opacity\"\/>\n\n\n\n<h2 class=\"wp-block-heading\"><strong>Conclus\u00e3o<\/strong><\/h2>\n\n\n\n<p>Os<a href=\"https:\/\/artcomvidros.com.br\/manequim\/bustos-e-meio-corpos\/\" target=\"_blank\" rel=\"noopener\"> <strong>bustos manequins<\/strong><\/a> s\u00e3o aliados essenciais para uma exposi\u00e7\u00e3o funcional, elegante e que encanta o cliente, valorizando as pe\u00e7as e otimizando espa\u00e7os.<\/p>\n\n\n\n<p>Para aprofundar-se em t\u00e9cnicas de exposi\u00e7\u00e3o, a Wikip\u00e9dia \u00e9 uma refer\u00eancia confi\u00e1vel.<\/p>\n","protected":false},"excerpt":{"rendered":"<p>Os bustos manequins s\u00e3o solu\u00e7\u00f5es inteligentes para destacar pe\u00e7as como blusas, camisas e acess\u00f3rios, com um formato compacto e vers\u00e1til. Eles s\u00e3o ideais para vitrines, balc\u00f5es e \u00e1reas internas, otimizando o espa\u00e7o e valorizando as pe\u00e7as expostas. Por que investir em bustos manequins? Tipos de bustos manequins Combine bustos com araras de roupas e cabides&#8230;<\/p>\n","protected":false},"author":1,"featured_media":41,"comment_status":"open","ping_status":"open","sticky":false,"template":"","format":"standard","meta":{"footnotes":""},"categories":[2],"tags":[],"class_list":["post-40","post","type-post","status-publish","format-standard","has-post-thumbnail","hentry","category-news"],"_links":{"self":[{"href":"https:\/\/socialib.net\/index.php?rest_route=\/wp\/v2\/posts\/40","targetHints":{"allow":["GET"]}}],"collection":[{"href":"https:\/\/socialib.net\/index.php?rest_route=\/wp\/v2\/posts"}],"about":[{"href":"https:\/\/socialib.net\/index.php?rest_route=\/wp\/v2\/types\/post"}],"author":[{"embeddable":true,"href":"https:\/\/socialib.net\/index.php?rest_route=\/wp\/v2\/users\/1"}],"replies":[{"embeddable":true,"href":"https:\/\/socialib.net\/index.php?rest_route=%2Fwp%2Fv2%2Fcomments&post=40"}],"version-history":[{"count":1,"href":"https:\/\/socialib.net\/index.php?rest_route=\/wp\/v2\/posts\/40\/revisions"}],"predecessor-version":[{"id":42,"href":"https:\/\/socialib.net\/index.php?rest_route=\/wp\/v2\/posts\/40\/revisions\/42"}],"wp:featuredmedia":[{"embeddable":true,"href":"https:\/\/socialib.net\/index.php?rest_route=\/wp\/v2\/media\/41"}],"wp:attachment":[{"href":"https:\/\/socialib.net\/index.php?rest_route=%2Fwp%2Fv2%2Fmedia&parent=40"}],"wp:term":[{"taxonomy":"category","embeddable":true,"href":"https:\/\/socialib.net\/index.php?rest_route=%2Fwp%2Fv2%2Fcategories&post=40"},{"taxonomy":"post_tag","embeddable":true,"href":"https:\/\/socialib.net\/index.php?rest_route=%2Fwp%2Fv2%2Ftags&post=40"}],"curies":[{"name":"wp","href":"https:\/\/api.w.org\/{rel}","templated":true}]}}